{"id":14971,"date":"2026-04-28T16:51:27","date_gmt":"2026-04-28T14:51:27","guid":{"rendered":"https:\/\/www.fhnw.ch\/plattformen\/zl\/?p=14971"},"modified":"2026-04-28T16:51:28","modified_gmt":"2026-04-28T14:51:28","slug":"antje-damm-agathe-papas-schildkroete-und-ich","status":"publish","type":"post","link":"https:\/\/www.fhnw.ch\/plattformen\/zl\/antje-damm-agathe-papas-schildkroete-und-ich\/","title":{"rendered":"Antje Damm: Agathe. Papas Schildkr\u00f6te und ich"},"content":{"rendered":"<div class=\"wp-block-image\">\n<figure class=\"alignleft size-full is-resized\"><img loading=\"lazy\" decoding=\"async\" width=\"277\" height=\"374\" src=\"https:\/\/www.fhnw.ch\/plattformen\/zl\/wp-content\/uploads\/2026\/04\/agathe.jpg\" alt=\"\" class=\"wp-image-14972\" style=\"aspect-ratio:0.7406675605109025;width:184px;height:auto\" srcset=\"https:\/\/www.fhnw.ch\/plattformen\/zl\/wp-content\/uploads\/2026\/04\/agathe.jpg 277w, https:\/\/www.fhnw.ch\/plattformen\/zl\/wp-content\/uploads\/2026\/04\/agathe-222x300.jpg 222w\" sizes=\"auto, (max-width: 277px) 100vw, 277px\" \/><\/figure>\n<\/div>\n\n\n<p>Als alles begann, war Antje Damm, die Autorin dieser Geschichte, noch gar nicht auf der Welt. Ihr Papa hat sich die Schildkr\u00f6te Agathe vor rund 80 Jahren mit seinem Taschengeld gekauft. Agathe war von da an Teil der Familie, machte mehrere Umz\u00fcge mit und lebt heute bei der Autorin und ihren drei Kindern. Verfasst ist das Buch als eine Art Tagebuch mit Geschichten, kurzen Berichten, Skizzen, Bildern, Comics und Fotos. Jede Seite ist anders und bringt Lesende zum Lachen, Staunen oder macht sie kl\u00fcger. So erfahren Kinder nicht nur viel \u00fcber Schildkr\u00f6ten und deren Haltung, sie bekommen auch eine Vorstellung von Zeit und wie sich die Welt innert 80 Jahren ver\u00e4ndert hat. Die eingeflochtenen pers\u00f6nlichen Erlebnisberichte spiegeln zudem das Familienleben und die \u00fcber Generationen andauernde Liebe zu diesem kleinen, aber so interessanten Haustier.<br>Antje Damm wurde letzten Herbst beim Deutschen Jugendliteraturpreis 2025 mit dem Sonderpreis in der Kategorie \u00abGesamtwerk Illustration\u00bb ausgezeichnet. Im vorliegenden Buch beweist sie einmal mehr, dass ihr dieser Preis zurecht verliehen wurde. Ein \u00fcberaus abwechslungsreiches Bilder-, Sach- und Geschichtenbuch f\u00fcr Kinder ab etwa 6 Jahren, das sich sehr gut zum gemeinsamen Lesen eignet. 72 Seiten.<\/p>\n\n\n\n<p>Antje Damm: Agathe. Papas Schildkr\u00f6te und ich. Moritz 2026. ISBN: 978-3-89565-499-2<\/p>\n\n\n\n<p><em>Rezension: Maria Riss<\/em><\/p>\n","protected":false},"excerpt":{"rendered":"<p>Als alles begann, war Antje Damm, die Autorin dieser Geschichte, noch gar nicht auf der Welt. Ihr Papa hat sich die Schildkr\u00f6te Agathe vor rund 80 Jahren mit seinem Taschengeld gekauft. Agathe war von da an Teil der Familie, machte mehrere Umz\u00fcge mit und lebt heute bei der Autorin und ihren drei Kindern. Verfasst ist [&hellip;]<\/p>\n","protected":false},"author":5,"featured_media":14972,"comment_status":"open","ping_status":"open","sticky":false,"template":"","format":"standard","meta":{"_acf_changed":false,"iawp_total_views":5,"footnotes":""},"categories":[42,46,202,39,56,349],"tags":[13,175,346],"coauthors":[197],"class_list":["post-14971","post","type-post","status-publish","format-standard","has-post-thumbnail","hentry","category-2-vorschule","category-3-unterstufe","category-rezensionen-kinder-und-jugendbucher","category-1-neuerscheinungen","category-07-vorlesebucher","category-vorlesetag-2026","tag-familie","tag-tiere","tag-zeit"],"acf":[],"_links":{"self":[{"href":"https:\/\/www.fhnw.ch\/plattformen\/zl\/wp-json\/wp\/v2\/posts\/14971","targetHints":{"allow":["GET"]}}],"collection":[{"href":"https:\/\/www.fhnw.ch\/plattformen\/zl\/wp-json\/wp\/v2\/posts"}],"about":[{"href":"https:\/\/www.fhnw.ch\/plattformen\/zl\/wp-json\/wp\/v2\/types\/post"}],"author":[{"embeddable":true,"href":"https:\/\/www.fhnw.ch\/plattformen\/zl\/wp-json\/wp\/v2\/users\/5"}],"replies":[{"embeddable":true,"href":"https:\/\/www.fhnw.ch\/plattformen\/zl\/wp-json\/wp\/v2\/comments?post=14971"}],"version-history":[{"count":1,"href":"https:\/\/www.fhnw.ch\/plattformen\/zl\/wp-json\/wp\/v2\/posts\/14971\/revisions"}],"predecessor-version":[{"id":14974,"href":"https:\/\/www.fhnw.ch\/plattformen\/zl\/wp-json\/wp\/v2\/posts\/14971\/revisions\/14974"}],"wp:featuredmedia":[{"embeddable":true,"href":"https:\/\/www.fhnw.ch\/plattformen\/zl\/wp-json\/wp\/v2\/media\/14972"}],"wp:attachment":[{"href":"https:\/\/www.fhnw.ch\/plattformen\/zl\/wp-json\/wp\/v2\/media?parent=14971"}],"wp:term":[{"taxonomy":"category","embeddable":true,"href":"https:\/\/www.fhnw.ch\/plattformen\/zl\/wp-json\/wp\/v2\/categories?post=14971"},{"taxonomy":"post_tag","embeddable":true,"href":"https:\/\/www.fhnw.ch\/plattformen\/zl\/wp-json\/wp\/v2\/tags?post=14971"},{"taxonomy":"author","embeddable":true,"href":"https:\/\/www.fhnw.ch\/plattformen\/zl\/wp-json\/wp\/v2\/coauthors?post=14971"}],"curies":[{"name":"wp","href":"https:\/\/api.w.org\/{rel}","templated":true}]}}